{"id":15,"date":"2011-06-10T09:20:26","date_gmt":"2011-06-10T09:20:26","guid":{"rendered":"http:\/\/wp.wegeinsnetz2006.de\/?p=15"},"modified":"2011-06-10T09:20:26","modified_gmt":"2011-06-10T09:20:26","slug":"Morike_der_Kanzler","status":"publish","type":"post","link":"http:\/\/www.rudolf-stirn.de\/index.php\/Morike_der_Kanzler\/","title":{"rendered":"Rezension zu &#8222;M\u00f6rike, der Kanzler, Kleiner und Ich&#8220;"},"content":{"rendered":"<p>Rainer Wochele in: Stuttgarter Zeitung, Lesezeichen vom 23.08. 2002<!--more--><\/p>\n<p>Der Kater, der Kanzler, M\u00f6rike und Ich<\/p>\n<p>Die Katzen und der Kanzler, was haben die gemeinsam? Wei\u00df doch jeder,  die Weisheit, die Lebensklugheit nat\u00fcrlich! Leute, es ist Sommerzeit,  Urlaubszeit, Wahlkampfzeit, da wollen wir die Dinge so ernst nehmen, wie  sie in solcher Zeit genommen werden m\u00fcssen: federleicht,  schnurrbarthaarleicht. Und auf diese Weise sei hier geredet, eben von  den Katzen und vom Kanzler, einem Kanzler an sich. Und von M\u00f6rike. Und  einem Politikbeobachter namens Ich&#8230;<\/p>\n<p>Und ja, Leute, das gilt auch, wenn man mal die Politik und den  Zustand des Landes und das Gesch\u00e4ft eines Kanzlers als solchen, aus den  Fesseln der Logik befreit, hinaufdreht ins Absurde, Surreale und wenn  man mal dem Kanzler ein paar neue Figuren zur Seite stellt. Das hat  listig und vergn\u00fcglich Rudolf Stirn, in Weissach im Tal lebender Autor  von Romanen und Erz\u00e4hlungen und zudem Kopf des dortigen Alkyon Verlages,  getan in seinem literarischen Capriccio (Duden: scherzhaftes, launiges  Musikst\u00fcck) mit dem Titel &#8222;M\u00f6rike, der Kanzler, Kleiner und Ich&#8220;.<\/p>\n<p>Darin als Personage: eine Figur namens &#8222;Ich&#8220; und eine namens  &#8222;Nichtich&#8220;, der Kanzler nat\u00fcrlich, ein Kerl namens Kleiner, der  irgendwie auch Hunzinger hei\u00dfen k\u00f6nnte, Eduard M\u00f6rike. Dieses Personal  wird assoziationsstark mit Aktualit\u00e4tssplittern, Nachrichtenfetzen  verkn\u00fcpft, und alles wird vermixt zu einem grellfarbigen, sch\u00f6n  schr\u00e4gen, oftmals satt komischen Wirbel von surrealen Dialogen, Szenen,  Geschichten, Aper\u00e7us.<\/p>\n<p>Klingt dann zum Beispiel so: &#8222;Der Kanzler \u00f6ffnet den Mund und  verschluckt die halbe Nation.&#8220; Oder: &#8222;Die Politik ist in unguten H\u00e4nden.  Gehen Sie ruhig ihren Gesch\u00e4ften nach.&#8220; Oder: &#8222;Der Kanzler schickt  Beileid in den \u00c4ther. Ich bedauere alle.&#8220; Da ist, neben vielerlei Themen  aus Gegenwart und Vergangenheit, zum Beispiel von einem Sparprogramm  die Rede, wonach es nur noch eine einzige Zahnb\u00fcrste f\u00fcr die ganze  Nation gibt: &#8222;Der Mundgeruch nimmt zu. Er verpestet Europa.&#8220; Man k\u00f6nne  nichts machen, sagt der Kanzler, der die letzte Zahnb\u00fcrste hat. In  Schilda. Denn: &#8222;Berlin hat sich aufgegeben. Schilda wird Hauptstadt.&#8220;<\/p>\n<p>Und dann M\u00f6rike, der Empfindling und Gutmensch. Wie er unterm  Hupkonzert von der Autobahn her still auf Cleversulzbach zuwandert. Wie  er mit dem Kanzler fingerhakelt, &#8222;der Kanzler muss das Volk  unterhalten&#8220;, wie er mit dem Schlauchboot nach Amerika will und f\u00fcr  einen Spion gehalten wird. Hat man des Autors Capriccio-Code erst mal  geknackt, blitzen hinter derlei Absurdit\u00e4ten immer wieder leicht,  schnurrbarthaarleicht die gewichtigsten Wahrheiten auf. \u00dcber Leben, Land  und Kanzler.<\/p>\n<p>Rudolf Stirn: M\u00f6rike, der Kanzler, Kleiner und Ich. Alkyon Verlag Weissach im Tal, 104 Seiten, 9,40 Euro.<\/p>\n<p>\u00a9 Rainer Wochele<\/p>\n<p>&nbsp;<\/p>\n<p>Tipp: <a href=\"http:\/\/www.krankenversichert-privat.de\/\">Private Krankenversicherung<\/a><\/p>\n","protected":false},"excerpt":{"rendered":"<p>Rainer Wochele in: Stuttgarter Zeitung, Lesezeichen vom 23.08. 2002<\/p>\n","protected":false},"author":1,"featured_media":0,"comment_status":"open","ping_status":"open","sticky":false,"template":"","format":"standard","meta":{"footnotes":""},"categories":[7],"tags":[],"class_list":["post-15","post","type-post","status-publish","format-standard","hentry","category-Rezensionen"],"aioseo_notices":[],"_links":{"self":[{"href":"http:\/\/www.rudolf-stirn.de\/index.php\/wp-json\/wp\/v2\/posts\/15"}],"collection":[{"href":"http:\/\/www.rudolf-stirn.de\/index.php\/wp-json\/wp\/v2\/posts"}],"about":[{"href":"http:\/\/www.rudolf-stirn.de\/index.php\/wp-json\/wp\/v2\/types\/post"}],"author":[{"embeddable":true,"href":"http:\/\/www.rudolf-stirn.de\/index.php\/wp-json\/wp\/v2\/users\/1"}],"replies":[{"embeddable":true,"href":"http:\/\/www.rudolf-stirn.de\/index.php\/wp-json\/wp\/v2\/comments?post=15"}],"version-history":[{"count":1,"href":"http:\/\/www.rudolf-stirn.de\/index.php\/wp-json\/wp\/v2\/posts\/15\/revisions"}],"predecessor-version":[{"id":16,"href":"http:\/\/www.rudolf-stirn.de\/index.php\/wp-json\/wp\/v2\/posts\/15\/revisions\/16"}],"wp:attachment":[{"href":"http:\/\/www.rudolf-stirn.de\/index.php\/wp-json\/wp\/v2\/media?parent=15"}],"wp:term":[{"taxonomy":"category","embeddable":true,"href":"http:\/\/www.rudolf-stirn.de\/index.php\/wp-json\/wp\/v2\/categories?post=15"},{"taxonomy":"post_tag","embeddable":true,"href":"http:\/\/www.rudolf-stirn.de\/index.php\/wp-json\/wp\/v2\/tags?post=15"}],"curies":[{"name":"wp","href":"https:\/\/api.w.org\/{rel}","templated":true}]}}