{"id":17,"date":"2011-06-10T09:21:09","date_gmt":"2011-06-10T09:21:09","guid":{"rendered":"http:\/\/wp.wegeinsnetz2006.de\/?p=17"},"modified":"2011-06-10T09:21:44","modified_gmt":"2011-06-10T09:21:44","slug":"Der_Schattenzirkus","status":"publish","type":"post","link":"http:\/\/www.rudolf-stirn.de\/index.php\/Der_Schattenzirkus\/","title":{"rendered":"Rezension zu Rudolf Stirn: Der Schattenzirkus ruft. Roman in Miniaturen. Alkyon-Verlag 2003"},"content":{"rendered":"<p>Jutta Weber-Bock, Stuttgart<!--more--><\/p>\n<p>In der Antike waren Erkenntnis- und Vorstellungswelt ununterscheidbar.  Homers Ilias galt den Griechen als wissenschaftliche Geschichte ebenso  wie den R\u00f6mern die Werke des Tacitus, der munter Legenden und Fakten  durcheinander mischte. &#8222;Es sind nicht die Dinge selbst, die uns ein  Leben lang umtreiben, sondern es sind die Vorstellungen, die wir uns von  den Dingen machen&#8220;, sagt Montaigne in den Essais. Wenn &#8222;Der  Schattenzirkus ruft&#8220; und es hei\u00dft: &#8222;Der Garten tr\u00e4umt, sagte er. Der  Schattenzirkus ist da. &#8230; Sei leise, sagte ich beschw\u00f6rend, die W\u00e4nde  der H\u00e4user sind aus Papier&#8220;, dann scheint es mir eben genau um diese  Vorstellungen zu gehen, die wir uns von den Dingen machen.<\/p>\n<p>Und es scheint auch ein St\u00fcck weit der &#8222;eine Ton&#8220; zu sein, der Rudolf  Stirn in seinen Geschichten immer wieder umtreibt. Geboren in  Stuttgart, seit vielen Jahren in Weissach im Tal lebend. Studium der  Germanistik und der Klassischen Philologie, der Politologie, Soziologie  und Volkswirtschaft, gibt sein Lebenslauf preis und zeigt damit  gleichzeitig den Horizont auf, vor dem seine zahlreichen Romane,  Erz\u00e4hlungen und Theaterst\u00fccke sich entfalten. Schon die Titel seiner  B\u00fccher verraten auch etwas von der Art seines Erz\u00e4hlens, so z.B. &#8222;Der  goldne Tropf &#8211; Erz\u00e4hlungen aus Backpfeif&#8220;, &#8222;Der Inselk\u00f6nig  -Fantasiest\u00fcck in Callots1 Manier&#8220;\u00a0 oder &#8222;M\u00f6rike, der Kanzler, Kleiner  und Ich &#8211; Capriccio2&#8220; &#8211; stets ein ironisch-liebevoller Blick auf die  Absurdit\u00e4ten von Alltag und Politik, auf einen (vorl\u00e4ufigen) H\u00f6hepunkt  getrieben in &#8222;Der Schattenzirkus ruft&#8220;, ein Roman in Miniaturen, der in  aller K\u00fcrze ein Panoptikum an Figuren heraufbeschw\u00f6rt, ein Ich-Erz\u00e4hler  mit seiner Frau Elsa, Carlo und seine Frau Julia, aber sind es wirklich  zwei verschiedene Ehepaare in dieser seltsamen Wohngemeinschaft?<\/p>\n<p>Und die Zirkusleute, der gro\u00dfe Pupo mit seinen Muskeln, Othello, der  Dompteur, Carambolo, der Narr und Giselle, die T\u00e4nzerin &#8211; oder ist sie  Blumenverk\u00e4uferin? Sie alle sind Zirkus-Darsteller und Alltags-Menschen  zugleich. Wirklichkeit und Vorstellung sind untrennbar miteinander  verkn\u00fcpft und lassen sich nicht fein logisch trennen mit dem  Seziermesser. Einige Beispiele, zuf\u00e4llig aus dem Schattenzirkus  herausgenommen, zeigen dies: &#8222;Clorinde (eine Nachbarin) best\u00fcrmte mich.  Sie trug einen Schwung abgenommener Untermieter \u00fcber dem Arm, frisch von  der Leine.&#8220; &#8211; &#8222;Die Hacke, mit der ich meinen Zorn klein machte, lehnte  an der Mauer. Daneben der Pfarrer. Er hatte begonnen die Namen aus  meinen Kleidern zu schneiden.&#8220; &#8211; &#8222;In meiner Brust wurde eine Fabrik  stillgelegt, die Arbeiter waren ohne Hoffnung.&#8220;<\/p>\n<p>Aktuelle Gegenwart und geschichtliche Ereignisse waren in allen  Zeiten nicht so weit voneinander entfernt. Die Unordnung der Welt l\u00e4sst  uns niemals los. &#8222;Wenn Elsa vor den gro\u00dfen Schrank trat, geriet sie oft  in Wut. In allen Taschen Gedichte, schrie sie. Sie bleute den Anzug,  zerrte an den N\u00e4hten, den Laschen und fetzte das Futter entzwei.  Entsetzen fuhr in das B\u00fcgeleisen, die Hosen fingen zu zittern und beten  an.&#8220; &#8222;Meinen Schatten essend, den von Jahren, den auf mich  zuschnellenden Rausch der Erinnerung, ich folgte ihm, vorbei an den  rebensatten H\u00e4ngen, knapp \u00fcber dem Abgrund.&#8220; &#8222;Frage deine Wirklichkeit  nicht: &#8222;Warum&#8220;, frage deine Tr\u00e4ume: &#8222;Warum nicht?&#8220; sagt George Bernard  Shaw. Der Schattenzirkus ruft. Und wer wei\u00df schon, welche Wirklichkeit  in den Traumzelten steckt. Der Schattenzirkus ist \u00fcberall. Und Vorsicht:  Der Taxifahrer k\u00f6nnte auch der F\u00e4hrmann sein.<\/p>\n<p>1 einfallsreicher und origineller, scharf beobachtender Schilderer des Volkslebens<br \/>\n2 einfallsreiches, launiges und formal ungebundenes Musikst\u00fcck<\/p>\n<p>Jutta Weber-Bock, Stuttgart<\/p>\n<p>Tipp: <a href=\"http:\/\/www.privat-versicherungen.net\/\">Privat-Versicherungen<\/a><\/p>\n","protected":false},"excerpt":{"rendered":"<p>Jutta Weber-Bock, Stuttgart<\/p>\n","protected":false},"author":1,"featured_media":0,"comment_status":"open","ping_status":"open","sticky":false,"template":"","format":"standard","meta":{"footnotes":""},"categories":[7],"tags":[],"class_list":["post-17","post","type-post","status-publish","format-standard","hentry","category-Rezensionen"],"aioseo_notices":[],"_links":{"self":[{"href":"http:\/\/www.rudolf-stirn.de\/index.php\/wp-json\/wp\/v2\/posts\/17"}],"collection":[{"href":"http:\/\/www.rudolf-stirn.de\/index.php\/wp-json\/wp\/v2\/posts"}],"about":[{"href":"http:\/\/www.rudolf-stirn.de\/index.php\/wp-json\/wp\/v2\/types\/post"}],"author":[{"embeddable":true,"href":"http:\/\/www.rudolf-stirn.de\/index.php\/wp-json\/wp\/v2\/users\/1"}],"replies":[{"embeddable":true,"href":"http:\/\/www.rudolf-stirn.de\/index.php\/wp-json\/wp\/v2\/comments?post=17"}],"version-history":[{"count":2,"href":"http:\/\/www.rudolf-stirn.de\/index.php\/wp-json\/wp\/v2\/posts\/17\/revisions"}],"predecessor-version":[{"id":19,"href":"http:\/\/www.rudolf-stirn.de\/index.php\/wp-json\/wp\/v2\/posts\/17\/revisions\/19"}],"wp:attachment":[{"href":"http:\/\/www.rudolf-stirn.de\/index.php\/wp-json\/wp\/v2\/media?parent=17"}],"wp:term":[{"taxonomy":"category","embeddable":true,"href":"http:\/\/www.rudolf-stirn.de\/index.php\/wp-json\/wp\/v2\/categories?post=17"},{"taxonomy":"post_tag","embeddable":true,"href":"http:\/\/www.rudolf-stirn.de\/index.php\/wp-json\/wp\/v2\/tags?post=17"}],"curies":[{"name":"wp","href":"https:\/\/api.w.org\/{rel}","templated":true}]}}